{"id":1446,"date":"2018-09-24T21:44:19","date_gmt":"2018-09-24T19:44:19","guid":{"rendered":"http:\/\/www.prevodioci.co.rs\/blog\/?p=1446"},"modified":"2018-09-25T08:06:01","modified_gmt":"2018-09-25T06:06:01","slug":"rekvijem-za-l-proslava-smrti-iz-poetskih-dubina","status":"publish","type":"post","link":"https:\/\/www.prevodioci.co.rs\/blog\/rekvijem-za-l-proslava-smrti-iz-poetskih-dubina\/","title":{"rendered":"Rekvijem za L. \u2013 proslava smrti iz poetskih dubina"},"content":{"rendered":"<p style=\"text-align: left;\"><strong>Pi\u0161e:<\/strong> Ana Todorovi\u0107 Radeti\u0107<\/p>\n<p>&nbsp;<\/p>\n<p style=\"text-align: left;\"><strong>Reditelj:\u00a0<\/strong>Alen Platel<br \/>\n<strong>Dirigent:<\/strong>Rodriguez Vangama<br \/>\n<strong>Foto:<\/strong>\u00a0Chris Van Der Burght<br \/>\n<strong>Izvo\u0111a\u010di:\u00a0<\/strong>Rodriguez Vangama (gitara i elektri\u010dni bas), Boule Mpanya, Fredy Massamba, Russell Tshiebua (vokali), Nobulumko Mngxekeza, Owen Metsileng, Stephen Diaz\/ Rodrigo Ferreira (lirski vokali), Joao Barradas (harmonika), Kojack Kossakamvwe (elektri\u010dna gitara), Niels Van Heertum (eufonijum), Bouton Kalanda, Erick Ngoya, Silva Makengo (likembi), Michel Seba (udaraljke)<\/p>\n<p>&nbsp;<\/p>\n<p>Ovogodi\u0161nji Bitef, 52. po redu, pod sloganom <strong><em>Svet bez ljudi<\/em><\/strong>,\u00a0 po\u010deo je predstavama koje su prikazale svet ljudi bez ljudskosti, preko komada bez ljudi (pozori\u0161ne instalacije gde izvo\u0111a\u010di nisu fizi\u010dki prisutni), a zavr\u0161io izvo\u0111enjem \u201c<em>Rekvijem za L<\/em>.\u201d \u2013 predstave koja se bavi temom susreta sa smrti i njenim prihvatanjem.<\/p>\n<p>Belgijska kompanija <em>Le bale se d la be <\/em>izvela je muziku Fabricija Kasola po Mocartovom Rekvijemu, okupiv\u0161i \u010detrnaest muzi\u010dara iz celog sveta i spojiv\u0161i razli\u010dite muzi\u010dke pravce, od kojih su afri\u010dki stilovi bili najprodorniji i najprijem\u010diviji po lepoti i simbolici.<\/p>\n<p>Ovaj scenski pogrebni ritual, preto\u010den u nestvarno muzi\u010dko izvo\u0111enje, a poja\u010dan rasko\u0161nim glasovima peva\u010da, afri\u010dkim ritmom i izvanrednim plesa\u010dkim pokretom za\u010darao je publiku \u00a0i poveo je na putovanje u facinantan prostor transcendentnog.<\/p>\n<p>Belgijski koreograf i reditelj Alen Platel napravio je magiju na sceni, stvaraju\u0107i muzi\u010dku gradaciju uporedo sa projektovanjem video materijala (sli\u010dnog dokumentarcu) gde gledamo \u017eenu koja ne glumi da je na samrti, ve\u0107 \u017eenu koja zaista odlazi sa ovog sveta&#8230;<\/p>\n<p>Taj skoro dvo\u010dasovni proces i\u0161\u010dekivanja smrti i kona\u010dni susret sa njom doneo je jaka numinozna ose\u0107anja, ali i katarzu.<\/p>\n<p>Gledalac najzad dolazi do te zastra\u0161uju\u0107e ta\u010dke susreta o\u010di u o\u010di sa smrti, upravo \u00a0kao \u0161to je prodoran pogled crne gorile najavljivao, sa plakata ovogodi\u0161njeg Bitefa.<\/p>\n<p>\u010cije su zapravo te o\u010di koje vire iz mraka? Mo\u017ee biti da je to neki na\u0161 strah &#8211; strah od smrti, u\u017eas pred potpunim ni\u0161tavilom. Da li je to strah onoga \u0161to vidimo ili ne vidimo u mraku?<\/p>\n<figure id=\"attachment_1448\" aria-describedby=\"caption-attachment-1448\" style=\"width: 770px\" class=\"wp-caption aligncenter\"><img loading=\"lazy\" decoding=\"async\" class=\"size-large wp-image-1448\" src=\"https:\/\/www.prevodioci.co.rs\/blog\/wp-content\/uploads\/2018\/09\/REKVIJEM-ZA-L-foto-Chris-Van-Der-Burght-02-1024x681.jpg\" alt=\"Foto: Chris Van Der Burght\" width=\"770\" height=\"512\" srcset=\"https:\/\/www.prevodioci.co.rs\/blog\/wp-content\/uploads\/2018\/09\/REKVIJEM-ZA-L-foto-Chris-Van-Der-Burght-02-1024x681.jpg 1024w, https:\/\/www.prevodioci.co.rs\/blog\/wp-content\/uploads\/2018\/09\/REKVIJEM-ZA-L-foto-Chris-Van-Der-Burght-02-300x200.jpg 300w, https:\/\/www.prevodioci.co.rs\/blog\/wp-content\/uploads\/2018\/09\/REKVIJEM-ZA-L-foto-Chris-Van-Der-Burght-02-768x511.jpg 768w, https:\/\/www.prevodioci.co.rs\/blog\/wp-content\/uploads\/2018\/09\/REKVIJEM-ZA-L-foto-Chris-Van-Der-Burght-02-740x492.jpg 740w\" sizes=\"auto, (max-width: 770px) 100vw, 770px\" \/><figcaption id=\"caption-attachment-1448\" class=\"wp-caption-text\">Foto: Chris Van Der Burght<\/figcaption><\/figure>\n<p>Crna boja je simbol smrti i tuge, a u arhetipskom smislu poprima i dodatna zna\u010denja \u2013 zna\u010denje beskrajne dubine, zemlje i pramaterije. Kao takva ima i pozitivnu konotaciju \u2013 simbol je plodnosti, \u017eenskog i instinktivnog, maj\u010dinskog principa. U kineskoj filozofiji odgovara <em>jin<\/em>-u, koji u me\u0111usobnoj interakciji sa <em>jang-om<\/em> \u010dini komplementarnu, a ne suprotstavljenu snagu prirodnih dualnosti.<\/p>\n<blockquote><p>\u201e\u017divot i smrt su dva aspekta jedne te iste misterije\u201c,<\/p><\/blockquote>\n<p>napisao je D\u017eozef Kembel obja\u0161njavaju\u0107i mo\u0107 mitova. Prihvatiti misteriju \u017eivota i smrti, me\u0111utim, veoma je te\u0161ko. Zbog toga su i osmi\u0161ljeni rituali.<\/p>\n<p>Rituale, kao dramske prikaze mita, mo\u017eda najlep\u0161e prikazuju plemenski narodi, oni koji su sa\u010duvali blisku povezanost sa prirodom, koji slave prirodne cikluse \u017eivota, umiranje i ra\u0111anje podjednako. Upravo tu nesvakida\u0161nju lepotu uskla\u0111enosti sa prirodom mogli smo da \u010dujemo u rasko\u0161nim zvucima Afrike, u glasovima te zavodljive i tamne zemlje, prelepe i opasne u isti mah, <strong>koja jo\u0161 uvek govori plemenskim jezikom svih naroda koji nisu izgubili ljudskost, iz kojih peva arhetip celovitosti<\/strong>.<\/p>\n<p>Oni stoje nasuprot stanovnicima <em>Puste zemlje<\/em>, onako kako ih je opisao T.S. Eliot, praznih i li\u0161enih duhovnog zna\u010denja, udaljenih od prirodnih ritmova \u017eivota.<\/p>\n<p><span class=\"embed-youtube\" style=\"text-align:center; display: block;\"><iframe loading=\"lazy\" class=\"youtube-player\" width=\"770\" height=\"434\" src=\"https:\/\/www.youtube.com\/embed\/LUDrUiYFyYI?version=3&#038;rel=1&#038;showsearch=0&#038;showinfo=1&#038;iv_load_policy=1&#038;fs=1&#038;hl=sr-RS&#038;autohide=2&#038;wmode=transparent\" allowfullscreen=\"true\" style=\"border:0;\" sandbox=\"allow-scripts allow-same-origin allow-popups allow-presentation allow-popups-to-escape-sandbox\"><\/iframe><\/span><\/p>\n<p>Afri\u010dka gorila, koja sadr\u017ei atribute crnog, najavljuju\u0107i ono mra\u010dno i stra\u0161no, onostrano, podse\u0107a i na tamni beskraj ljudske samo\u0107e koji nastupa gubitkom voljene osobe.<\/p>\n<p>Kao u pesmi Edgara Alana Poa, gde glas crnog gavrana odjekuje u pustim prostorijama bez Lenore i iznova ponavlja:<\/p>\n<blockquote><p>\u201e<em>Nikad vi\u0161e..<\/em>.\u201c<\/p><\/blockquote>\n<p>Ili na <em>Tigra <\/em>Vilijama Blejka \u010diji plamen isijava u dubinama \u0161umskog mraka, ukazuju\u0107i na njega kao na superiorno bi\u0107e, prelepo u svom savr\u0161enom skladu, a opet zastra\u0161uju\u0107e i opasno, destruktivno, kao i sam \u017eivot, u kome se pesnik pita koja je to sila koja je sve to sazdala?<\/p>\n<p>\u010covek u ograni\u010denosti svog poimanja ne mo\u017ee nikada do kraja proniknuti u tajne nastanka i nestanka, ali ih mo\u017ee i treba da prihvati dostojanstveno. Sa po\u0161tovanjem i uva\u017eavanjem.<\/p>\n<p>Upravo takvim sve\u010danim tonom u \u010dast preminulog i njegove du\u0161e &#8222;<em>Rekvijem za L<\/em>.&#8220; svoju \u010darobnu poeti\u010dnost gradi pred publikom, bude\u0107i mitsku ma\u0161tu, pribli\u017eavaju\u0107i je onoj dimenziji postojanja koja transcenduje prolaznost i dolazi do ta\u010dke iz koje \u017eivot izvire i u koju se vra\u0107a.<\/p>\n<p>Ova muzi\u010dka predstava uverljivo je prikazala odnos \u010doveka prema silama ve\u010dnosti, podse\u0107aju\u0107i nas na terapeutsku vrednost umetnosti u \u010dovekovom \u017eivotu, koja ga vodi do vi\u0161eg smisla postojanja i poma\u017ee mu da prevazi\u0111e svoj strah.<\/p>\n<p>\u201e<em>Rekvijem za L<\/em>\u201c izvukao je ono najbolje iz umetnika. A \u201e<strong>umetnici su obdareni pripadnici naroda \u010diji je sluh otvoren za pesmu univerzuma<\/strong>\u201c, kako ka\u017ee Kembel.<\/p>\n","protected":false},"excerpt":{"rendered":"<p>Pi\u0161e: Ana Todorovi\u0107 Radeti\u0107 &nbsp; Reditelj:\u00a0Alen Platel Dirigent:Rodriguez Vangama Foto:\u00a0Chris Van Der Burght Izvo\u0111a\u010di:\u00a0Rodriguez Vangama (gitara i elektri\u010dni bas), Boule Mpanya, Fredy Massamba, Russell Tshiebua (vokali), Nobulumko Mngxekeza, Owen Metsileng, Stephen Diaz\/ Rodrigo Ferreira (lirski vokali), Joao Barradas (harmonika), Kojack Kossakamvwe (elektri\u010dna gitara), Niels Van Heertum (eufonijum), Bouton Kalanda, Erick Ngoya, Silva Makengo (likembi), Michel [&hellip;]<\/p>\n","protected":false},"author":1,"featured_media":1447,"comment_status":"open","ping_status":"closed","sticky":false,"template":"","format":"standard","meta":{"jetpack_post_was_ever_published":false,"_jetpack_newsletter_access":"","_jetpack_dont_email_post_to_subs":false,"_jetpack_newsletter_tier_id":0,"_jetpack_memberships_contains_paywalled_content":false,"_jetpack_memberships_contains_paid_content":false,"footnotes":"","jetpack_publicize_message":"","jetpack_publicize_feature_enabled":true,"jetpack_social_post_already_shared":true,"jetpack_social_options":{"image_generator_settings":{"template":"highway","default_image_id":0,"font":"","enabled":false},"version":2}},"categories":[7],"tags":[],"class_list":["post-1446","post","type-post","status-publish","format-standard","has-post-thumbnail","hentry","category-pozoriste"],"aioseo_notices":[],"jetpack_publicize_connections":[],"jetpack_featured_media_url":"https:\/\/www.prevodioci.co.rs\/blog\/wp-content\/uploads\/2018\/09\/REKVIJEM-ZA-L-foto-Chris-Van-Der-Burght-05.jpg","jetpack_sharing_enabled":true,"jetpack_shortlink":"https:\/\/wp.me\/p7Xlcj-nk","post_mailing_queue_ids":[],"_links":{"self":[{"href":"https:\/\/www.prevodioci.co.rs\/blog\/wp-json\/wp\/v2\/posts\/1446","targetHints":{"allow":["GET"]}}],"collection":[{"href":"https:\/\/www.prevodioci.co.rs\/blog\/wp-json\/wp\/v2\/posts"}],"about":[{"href":"https:\/\/www.prevodioci.co.rs\/blog\/wp-json\/wp\/v2\/types\/post"}],"author":[{"embeddable":true,"href":"https:\/\/www.prevodioci.co.rs\/blog\/wp-json\/wp\/v2\/users\/1"}],"replies":[{"embeddable":true,"href":"https:\/\/www.prevodioci.co.rs\/blog\/wp-json\/wp\/v2\/comments?post=1446"}],"version-history":[{"count":7,"href":"https:\/\/www.prevodioci.co.rs\/blog\/wp-json\/wp\/v2\/posts\/1446\/revisions"}],"predecessor-version":[{"id":1455,"href":"https:\/\/www.prevodioci.co.rs\/blog\/wp-json\/wp\/v2\/posts\/1446\/revisions\/1455"}],"wp:featuredmedia":[{"embeddable":true,"href":"https:\/\/www.prevodioci.co.rs\/blog\/wp-json\/wp\/v2\/media\/1447"}],"wp:attachment":[{"href":"https:\/\/www.prevodioci.co.rs\/blog\/wp-json\/wp\/v2\/media?parent=1446"}],"wp:term":[{"taxonomy":"category","embeddable":true,"href":"https:\/\/www.prevodioci.co.rs\/blog\/wp-json\/wp\/v2\/categories?post=1446"},{"taxonomy":"post_tag","embeddable":true,"href":"https:\/\/www.prevodioci.co.rs\/blog\/wp-json\/wp\/v2\/tags?post=1446"}],"curies":[{"name":"wp","href":"https:\/\/api.w.org\/{rel}","templated":true}]}}